{"id":3195,"date":"2026-04-02T17:57:59","date_gmt":"2026-04-02T17:57:59","guid":{"rendered":"https:\/\/reziviral.xyz\/?p=3195"},"modified":"2026-04-02T17:57:59","modified_gmt":"2026-04-02T17:57:59","slug":"emprego-de-qualidade-e-renda-adequada","status":"publish","type":"post","link":"https:\/\/reziviral.xyz\/es\/emprego-de-qualidade-e-renda-adequada\/","title":{"rendered":"Emprego de Qualidade e Renda Adequada: Perspectivas para Brasil"},"content":{"rendered":"<html><body><p>El escenario econ\u00f3mico brasile\u00f1o para 2026 presenta un horizonte de profunda transformaci\u00f3n. En tiempos de incertidumbre, la estabilidad de los indicadores macroecon\u00f3micos no es solo una cifra en los planes gubernamentales, sino que existe poca incertidumbre sobre el cambio estructural en la vida de la ciudad. El fuego central de esta nueva era te espera. <strong>Emprego de Qualidade e Renda Adequada: Perspectivas para Brasil<\/strong>, un concepto que va m\u00e1s all\u00e1 de la simple ocupaci\u00f3n de puestos de trabajo y que abarca la dignidad y el sustento econ\u00f3mico de las familias.<\/p>\n\n\n\n<p>En este art\u00edculo, exploraremos los motores que impulsan esta recuperaci\u00f3n, los sectores que generan contramedidas y los obst\u00e1culos que debemos eliminar para que la prosperidad sea, de hecho, democr\u00e1tica.<\/p>\n\n\n\n<h2 class=\"wp-block-heading\">O Motor do Crescimento Econ\u00f3mico Sustent\u00e1vel<\/h2>\n\n\n\n<p>Para garantizar el florecimiento del mercado laboral, el Producto Interno Bruto (PIB) especifica que el crecimiento no es una mera ilusi\u00f3n, sino una trayectoria consistente y sostenible. A diferencia de d\u00e9cadas pasadas, el crecimiento actual se fundamenta en los pilares de la eficiencia y la innovaci\u00f3n.<\/p>\n\n\n\n<h3 class=\"wp-block-heading\">Agricultura y Agroind\u00fastria: El Gigante da Efici\u00eancia<\/h3>\n\n\n\n<p>La agricultura brasile\u00f1a, que antes solo produc\u00eda materias primas, deb\u00eda transformarse en un centro tecnol\u00f3gico. Actualmente, este sector es el principal garante de la balanza comercial positiva del pa\u00eds. La demanda mundial de alimentos, impulsada por el crecimiento de la poblaci\u00f3n mundial y la b\u00fasqueda de la seguridad alimentaria, sit\u00faa a Brasil en una posici\u00f3n privilegiada.<\/p>\n\n\n\n<p>El impacto siempre se hace visible en la internalizaci\u00f3n de la evoluci\u00f3n. Ciudades que antes depend\u00edan de sustancias ahora prosperan con el crecimiento de las industrias de procesamiento. Cuando un saco de granos se transforma en aceite o prote\u00edna animal dentro del territorio nacional, el valor combinado regresa al pa\u00eds y requiere mano de obra m\u00e1s calificada en log\u00edstica, qu\u00edmica y operaci\u00f3n de maquinaria pesada.<\/p>\n\n\n\n<h3 class=\"wp-block-heading\">Tecnolog\u00eda e innovaci\u00f3n como Eixo Transversal<\/h3>\n\n\n\n<p>No existe sector econ\u00f3mico que no est\u00e9, al menos, tecnol\u00f3gicamente integrado. Las startups brasile\u00f1as demuestran una notable resiliencia, atrayendo capital de riesgo internacional. Su enfoque se centra en el comercio electr\u00f3nico, ofreciendo soluciones complejas en biotecnolog\u00eda, gesti\u00f3n de recursos financieros y servicios financieros digitales.<\/p>\n\n\n\n<p>Esta transformaci\u00f3n digital gener\u00f3 una presi\u00f3n positiva en el mercado burs\u00e1til. Mientras profundizamos en el an\u00e1lisis de datos, la ciberseguridad y la arquitectura de software, los tipos impositivos de dos d\u00edgitos aumentan cada a\u00f1o. Sin embargo, persiste la necesidad de una formaci\u00f3n \u00e1gil: el mercado demanda especialistas con mayor rapidez que los reci\u00e9n graduados universitarios.<\/p>\n\n\n\n<h3 class=\"wp-block-heading\">La revoluci\u00f3n de las energ\u00edas renovadas<\/h3>\n\n\n\n<p>Brasil consolida su posici\u00f3n como una de las matrices energ\u00e9ticas m\u00e1s claras del mundo. El crecimiento de los parques e\u00f3licos en el noreste y de los parques solares en el sureste y centro-este no es solo una cuesti\u00f3n ambiental, sino un motor de infraestructura. Cada nuevo proyecto requiere ingenieros, t\u00e9cnicos de mantenimiento y trabajadores de la construcci\u00f3n civil, creando un c\u00edrculo virtuoso de <strong>Emprego de Qualidade e Renda Adequada: Perspectivas para Brasil<\/strong> en regiones previamente desatendidas.<\/p>\n\n\n\n<h3 class=\"wp-block-heading\">Industria de la Transformaci\u00f3n y \u201cNova Ind\u00fastria\u201d<\/h3>\n\n\n\n<p>La Industria 4.0 est\u00e1 transformando las f\u00e1bricas brasile\u00f1as. La automatizaci\u00f3n, que ya lleva tiempo en marcha, est\u00e1 generando nuevas necesidades. El operario de la f\u00e1brica ahora debe comprender la programaci\u00f3n b\u00e1sica y el mantenimiento preventivo de los sistemas rob\u00f3ticos. Los programas de modernizaci\u00f3n industrial son esenciales para que el sector manufacturero recupere su peso en el PIB, centr\u00e1ndose en \u00e1reas de alta tecnolog\u00eda y exportaci\u00f3n.<\/p>\n\n\n\n<hr class=\"wp-block-separator has-alpha-channel-opacity\">\n\n\n\n<h2 class=\"wp-block-heading\">Estrategias para Emprego de Qualidade y Renda Adequada<\/h2>\n\n\n\n<p>El requisito de calidad se define por la seguridad jur\u00eddica, la protecci\u00f3n social y un desempe\u00f1o que permita no solo la supervivencia, sino tambi\u00e9n la planificaci\u00f3n para el futuro. Para lograrlo, se est\u00e1n desarrollando diferentes iniciativas pol\u00edticas, tanto p\u00fablicas como privadas.<\/p>\n\n\n\n<h3 class=\"wp-block-heading\">Pol\u00edtica de capacidad y documento del sistema S<\/h3>\n\n\n\n<p>La brecha entre lo que se aprende en la escuela y lo que demanda el mercado es uno de los grandes problemas de Brasil. Para mitigar esta situaci\u00f3n, se reactivar\u00e1n las pol\u00edticas del sector p\u00fablico y de instituciones como la SESI y la SENAI.<\/p>\n\n\n\n<ul class=\"wp-block-list\">\n<li><strong>Cursos de actualizaci\u00f3n t\u00e9cnica:<\/strong> C\u00e9ntrese en las necesidades inmediatas, como la instalaci\u00f3n de paneles solares o el mantenimiento de los electrodom\u00e9sticos.<\/li>\n\n\n\n<li><strong>Ensino h\u00edbrido profesional:<\/strong> Permitir que los j\u00f3venes estudien la teor\u00eda en l\u00ednea y practiquen en talleres para generaciones mayores.<\/li>\n\n\n\n<li><strong>Recualificaci\u00f3n de adultos (recapacitaci\u00f3n):<\/strong> Los programas se dirigieron a trabajadores mayores de 40 a\u00f1os que, espec\u00edficamente, migran de sectores en declive a \u00e1reas en expansi\u00f3n.<\/li>\n<\/ul>\n\n\n\n<h3 class=\"wp-block-heading\">Incentivos para Contrata\u00e7\u00e3o y Desonera\u00e7\u00e3o<\/h3>\n\n\n\n<p>La carga tributaria relativa al procedimiento de pago siempre se formaliza. Los nuevos medicamentos que se observan pueden reducirse a una forma estrat\u00e9gica:<\/p>\n\n\n\n<figure class=\"wp-block-table\"><table class=\"has-fixed-layout\"><thead><tr><td><strong>Tipo de incentivo<\/strong><\/td><td><strong>P\u00fablico-Alvo<\/strong><\/td><td><strong>Objetivo<\/strong><\/td><\/tr><\/thead><tbody><tr><td>Redu\u00e7\u00e3o de Encargos<\/td><td>Peque\u00f1as y medianas empresas<\/td><td>Facilitar la formalizaci\u00f3n de nuevos puestos.<\/td><\/tr><tr><td>Subsidio salarial temporal<\/td><td>J\u00f3venes de Primeiro Emprego<\/td><td>Reduzca los gastos de la empresa o contrate a personas sin experiencia.<\/td><\/tr><tr><td>Isen\u00e7\u00e3o para 50+<\/td><td>Trabajadores mayores<\/td><td>Fomentar la retenci\u00f3n de la experiencia y la mentor\u00eda.<\/td><\/tr><\/tbody><\/table><\/figure>\n\n\n\n<h3 class=\"wp-block-heading\">Sectores que Mais Geram Oportunidades<\/h3>\n\n\n\n<ol start=\"1\" class=\"wp-block-list\">\n<li><strong>Construcci\u00f3n civil:<\/strong> Los programas de renovaci\u00f3n de viviendas y las importantes iniciativas de atenci\u00f3n m\u00e9dica b\u00e1sica (despu\u00e9s de la atenci\u00f3n m\u00e9dica) contin\u00faan funcionando como importantes motores de emprendimiento masivo, sirviendo como puerta de entrada a una econom\u00eda formal.<\/li>\n\n\n\n<li><strong>Servicios y turismo:<\/strong> Como la mejor manera de regresar, los brasile\u00f1os optan por consumir servicios. El turismo dom\u00e9stico y gastron\u00f3mico se satura r\u00e1pidamente.<\/li>\n\n\n\n<li><strong>Log\u00edstica:<\/strong> El auge del comercio electr\u00f3nico ha transformado al pa\u00eds en un centro neur\u00e1lgico de centros de distribuci\u00f3n y rutas de entrega.<\/li>\n<\/ol>\n\n\n\n<blockquote class=\"wp-block-quote is-layout-flow wp-block-quote-is-layout-flow\">\n<p>\u201cLa verdadera recuperaci\u00f3n econ\u00f3mica no solo depende del saldo del Tesoro, sino tambi\u00e9n del n\u00famero de familias que necesitan preocuparse por la p\u00e9rdida de otro ser querido; pasemos a invertir en la educaci\u00f3n de nuestros hijos.\u201d<\/p>\n<\/blockquote>\n\n\n\n<hr class=\"wp-block-separator has-alpha-channel-opacity\">\n\n\n\n<h2 class=\"wp-block-heading\">Importancia de la Renda y Poder de Compra<\/h2>\n\n\n\n<p>Viajar mucho y disfrutar poco es una realidad que Brasil necesita decidir desde hace mucho tiempo. El concepto de <strong>Emprego de Qualidade e Renda Adequada: Perspectivas para Brasil<\/strong> Es obligatorio para el valor de rendimiento promedio.<\/p>\n\n\n\n<h3 class=\"wp-block-heading\">O Sal\u00e1rio-M\u00ednimo como B\u00fassola<\/h3>\n\n\n\n<p>La pol\u00edtica de valoraci\u00f3n del salario m\u00ednimo real, que tiene en cuenta la inflaci\u00f3n y el crecimiento del PIB, es una herramienta de distribuci\u00f3n cuya eficacia est\u00e1 demostrada. Esta pol\u00edtica genera ingresos en la base de la pir\u00e1mide, lo que, a su vez, estimula el consumo y aumenta la demanda de las empresas. Se trata de un ciclo que se retroalimenta.<\/p>\n\n\n\n<h3 class=\"wp-block-heading\">Produtividade e Participa\u00e7\u00e3o nos Profesi\u00f3n<\/h3>\n\n\n\n<p>Las empresas modernas est\u00e1n adoptando diversos modelos de remuneraci\u00f3n. Cuando el trabajador siente que el \u00e9xito de la empresa se refleja directamente en su salario a trav\u00e9s de bonificaciones y participaci\u00f3n en las ganancias y los resultados, la productividad aumenta naturalmente. Esto crea un ambiente de cooperaci\u00f3n en lugar de subordinaci\u00f3n.<\/p>\n\n\n\n<hr class=\"wp-block-separator has-alpha-channel-opacity\">\n\n\n\n<h2 class=\"wp-block-heading\">Desaf\u00edos y obst\u00e1culos en el camino<\/h2>\n\n\n\n<p>A la espera de un mayor optimismo, Brasil se enfrenta a &quot;fantasmas&quot; hist\u00f3ricos que impiden un crecimiento cada vez m\u00e1s vigoroso. Reconocer estos problemas es el primer paso para resolverlos.<\/p>\n\n\n\n<h3 class=\"wp-block-heading\">Desigualdad Regional: O Brasil de Duas Velocidades<\/h3>\n\n\n\n<p>Mientras que el centro y el sur del pa\u00eds presentan \u00edndices cercanos al m\u00e1ximo en ciertas \u00e1reas t\u00e9cnicas, el norte y el noreste adolecen de falta de infraestructura log\u00edstica y conectividad. Si bien la calidad de internet y el suministro de energ\u00eda son altos, el sector tecnol\u00f3gico de estas regiones presenta un panorama muy desalentador. La descentralizaci\u00f3n de las inversiones es urgente.<\/p>\n\n\n\n<h3 class=\"wp-block-heading\">Oh, guardi\u00e1n de la burocracia<\/h3>\n\n\n\n<p>Abrir, mantener y llevar a cabo un negocio en Brasil requiere una paz casi heroica. El exceso de licencias y la complejidad tributaria (as\u00ed como las recientes reformas) agotan la energ\u00eda del empleador. Para que o <strong>Emprego de Qualidade e Renda Adequada: Perspectivas para Brasil<\/strong> Si esto se va a hacer para una peque\u00f1a empresa, la simplificaci\u00f3n administrativa debe ser una prioridad.<\/p>\n\n\n\n<h3 class=\"wp-block-heading\">Una crisis silenciosa de la educaci\u00f3n b\u00e1sica<\/h3>\n\n\n\n<p>No construyas un mundo tecnol\u00f3gico con alguien que solo conoce lo b\u00e1sico, sin conocimientos matem\u00e1ticos fundamentales ni capacidad de interpretaci\u00f3n de textos. Un cambio en la educaci\u00f3n, acentuado por las crisis recientes, crea un marco para el desarrollo profesional. Invertir en educaci\u00f3n b\u00e1sica es invertir en la vida, desde ahora hasta dentro de dos a\u00f1os.<\/p>\n\n\n\n<h3 class=\"wp-block-heading\">Automatizaci\u00f3n y ansiedad para el futuro<\/h3>\n\n\n\n<p>La inteligencia artificial y la rob\u00f3tica no pertenecen al \u00e1mbito de la ciencia ficci\u00f3n. Est\u00e1n presentes en las cajas de nuestros supermercados, en nuestros procesos legales y en nuestras cadenas de montaje. El objetivo no es impedir la automatizaci\u00f3n \u2014lo cual es pr\u00e1cticamente imposible y contraproducente\u2014, sino garantizar que la m\u00e1quina tenga tiempo suficiente para adaptarse. La transici\u00f3n a una econom\u00eda automatizada debe ir acompa\u00f1ada de un s\u00f3lido sistema de protecci\u00f3n social y de formaci\u00f3n continua.<\/p>\n\n\n\n<hr class=\"wp-block-separator has-alpha-channel-opacity\">\n\n\n\n<h2 class=\"wp-block-heading\">Reflexiones sobre la Jornada del Trabajador Brasileiro<\/h2>\n\n\n\n<p>Al observar la trayectoria del mercado laboral, percibo que el brasile\u00f1o es intr\u00ednsecamente resiliente. Sin embargo, la resiliencia no debe verse eclipsada por la precariedad. Lo que se observa hoy es un cambio de mentalidad: el trabajador ya ni siquiera encuentra el registro en el peri\u00f3dico; busca un prop\u00f3sito, bienestar mental y la certeza de que su esfuerzo ser\u00e1 recompensado con una buena vida.<\/p>\n\n\n\n<p>La iniciativa estatal y privada debe ser la clave de este cambio. Cuando el gobierno despide a un empleador competente e invierte en infraestructura, y cuando una empresa no invierte en capital humano, el resultado es un pa\u00eds m\u00e1s pr\u00f3spero en todos los sentidos.<\/p>\n\n\n\n<h3 class=\"wp-block-heading\">El camino por delante<\/h3>\n\n\n\n<p>La consolidaci\u00f3n de un mercado laboral s\u00f3lido requiere paz y continuidad. Las pol\u00edticas estatales deben sobrevivir a los ciclos electorales. \u00a1Que los despidan! <strong>Emprego de Qualidade e Renda Adequada: Perspectivas para Brasil<\/strong> Esto es lo que diferenciar\u00e1 a las naciones que prosperen en la nueva econom\u00eda global de aquellas que se queden estancadas como meras exportadoras de bajo valor agregado.<\/p>\n\n\n\n<p>El Brasil tem os recursos naturales, a criatividade de su povo e, ahora, un mapa de cinho m\u00e1s claro. La rigurosa ejecuci\u00f3n de este plan garantizar\u00e1 que el futuro del trabajo del pa\u00eds sea de inclusi\u00f3n, innovaci\u00f3n y, sobre todo, prosperidad para todos sus ciudadanos.<\/p>\n\n\n\n<h2 class=\"wp-block-heading\">Conclusi\u00f3n: Un horizonte de esperanza y trabajo<\/h2>\n\n\n\n<p>El camino hacia una econom\u00eda s\u00f3lida y justa es largo, pero los primeros pasos se est\u00e1n dando con firmeza. La integraci\u00f3n entre tecnolog\u00eda, sostenibilidad y valorizaci\u00f3n del capital humano es clave para el \u00e9xito de Brasil. Si el pa\u00eds logra superar sus obst\u00e1culos educativos y burocr\u00e1ticos, su potencial de crecimiento es ilimitado.<\/p>\n\n\n\n<p>A busca por <strong>Emprego de Qualidade e Renda Adequada: Perspectivas para Brasil<\/strong> No se trata solo de un eslogan econ\u00f3mico, sino del compromiso de una naci\u00f3n que desea brindar dignidad a cada uno de sus habitantes. Con inversiones estrat\u00e9gicas y un enfoque en las necesidades de la mano de obra moderna, Brasil puede y debe volver a ser un referente mundial en desarrollo humano y econ\u00f3mico.<\/p>\n<\/body><\/html>","protected":false},"excerpt":{"rendered":"<p>O cen\u00e1rio econ\u00f4mico brasileiro em 2026 apresenta um horizonte de transforma\u00e7\u00e3o profunda. Ap\u00f3s per\u00edodos de incerteza, a estabiliza\u00e7\u00e3o dos indicadores macroecon\u00f4micos n\u00e3o \u00e9 apenas um n\u00famero em planilhas governamentais, mas o alicerce para uma mudan\u00e7a estrutural na vida do cidad\u00e3o. O foco central desta nova etapa \u00e9 a busca por Emprego de Qualidade e Renda [&hellip;]<\/p>\n","protected":false},"author":1,"featured_media":3196,"comment_status":"open","ping_status":"open","sticky":false,"template":"","format":"standard","meta":{"footnotes":""},"categories":[195,192],"tags":[],"class_list":["post-3195","post","type-post","status-publish","format-standard","has-post-thumbnail","hentry","category-financiamento","category-investimento"],"_links":{"self":[{"href":"https:\/\/reziviral.xyz\/es\/wp-json\/wp\/v2\/posts\/3195","targetHints":{"allow":["GET"]}}],"collection":[{"href":"https:\/\/reziviral.xyz\/es\/wp-json\/wp\/v2\/posts"}],"about":[{"href":"https:\/\/reziviral.xyz\/es\/wp-json\/wp\/v2\/types\/post"}],"author":[{"embeddable":true,"href":"https:\/\/reziviral.xyz\/es\/wp-json\/wp\/v2\/users\/1"}],"replies":[{"embeddable":true,"href":"https:\/\/reziviral.xyz\/es\/wp-json\/wp\/v2\/comments?post=3195"}],"version-history":[{"count":3,"href":"https:\/\/reziviral.xyz\/es\/wp-json\/wp\/v2\/posts\/3195\/revisions"}],"predecessor-version":[{"id":3672,"href":"https:\/\/reziviral.xyz\/es\/wp-json\/wp\/v2\/posts\/3195\/revisions\/3672"}],"wp:featuredmedia":[{"embeddable":true,"href":"https:\/\/reziviral.xyz\/es\/wp-json\/wp\/v2\/media\/3196"}],"wp:attachment":[{"href":"https:\/\/reziviral.xyz\/es\/wp-json\/wp\/v2\/media?parent=3195"}],"wp:term":[{"taxonomy":"category","embeddable":true,"href":"https:\/\/reziviral.xyz\/es\/wp-json\/wp\/v2\/categories?post=3195"},{"taxonomy":"post_tag","embeddable":true,"href":"https:\/\/reziviral.xyz\/es\/wp-json\/wp\/v2\/tags?post=3195"}],"curies":[{"name":"wp","href":"https:\/\/api.w.org\/{rel}","templated":true}]}}